{"id":2678,"date":"2023-10-12T12:15:38","date_gmt":"2023-10-12T10:15:38","guid":{"rendered":"https:\/\/www.uranie-inter.com\/?p=2678"},"modified":"2023-10-12T14:38:43","modified_gmt":"2023-10-12T12:38:43","slug":"vous-etes-invites-au-salon-agritechnika","status":"publish","type":"post","link":"https:\/\/www.uranie-inter.com\/fr\/vous-etes-invites-au-salon-agritechnika\/","title":{"rendered":"Vous \u00eates invit\u00e9s au salon Agritechnica !"},"content":{"rendered":"<p>Nous sommes ravis d&rsquo;annoncer notre participation pour la premi\u00e8re fois \u00e0 la prestigieuse exposition \u00ab\u00a0Agritechnica 2023\u00a0\u00bb \u00e0 Hanovre, en Allemagne. Situ\u00e9 au Hall 16 Stand D52, notre pr\u00e9sence promet d&rsquo;\u00eatre un point strat\u00e9gique de barres chrom\u00e9es de qualit\u00e9 pour toutes les applications possibles de l&rsquo;industrie agricole internationale.<br \/>\nhttps:\/\/www.agritechnica.com\/de\/<\/p>\n","protected":false},"excerpt":{"rendered":"<p>Nous sommes ravis d&rsquo;annoncer notre participation pour la premi\u00e8re fois \u00e0 la prestigieuse exposition \u00ab\u00a0Agritechnica 2023\u00a0\u00bb \u00e0 Hanovre, en Allemagne. Situ\u00e9 au Hall 16 Stand D52, notre pr\u00e9sence promet d&rsquo;\u00eatre un point strat\u00e9gique de barres chrom\u00e9es de qualit\u00e9 pour toutes les applications possibles de l&rsquo;industrie agricole internationale. https:\/\/www.agritechnica.com\/de\/<\/p>\n","protected":false},"author":6,"featured_media":2674,"comment_status":"closed","ping_status":"open","sticky":false,"template":"","format":"standard","meta":{"content-type":"","footnotes":""},"categories":[43,77],"tags":[],"class_list":["post-2678","post","type-post","status-publish","format-standard","has-post-thumbnail","hentry","category-international","category-salon"],"yoast_head":"<!-- This site is optimized with the Yoast SEO plugin v27.5 - https:\/\/yoast.com\/product\/yoast-seo-wordpress\/ -->\n<title>Vous \u00eates invit\u00e9s au salon Agritechnica ! - Uranie International<\/title>\n<meta name=\"description\" content=\"salon agriculture 2023 agritechnika\" \/>\n<meta name=\"robots\" content=\"index, follow, max-snippet:-1, max-image-preview:large, max-video-preview:-1\" \/>\n<link rel=\"canonical\" href=\"https:\/\/www.uranie-inter.com\/fr\/vous-etes-invites-au-salon-agritechnika\/\" \/>\n<meta property=\"og:locale\" content=\"fr_FR\" \/>\n<meta property=\"og:type\" content=\"article\" \/>\n<meta property=\"og:title\" content=\"Vous \u00eates invit\u00e9s au salon Agritechnica ! - Uranie International\" \/>\n<meta property=\"og:description\" content=\"salon agriculture 2023 agritechnika\" \/>\n<meta property=\"og:url\" content=\"https:\/\/www.uranie-inter.com\/fr\/vous-etes-invites-au-salon-agritechnika\/\" \/>\n<meta property=\"og:site_name\" content=\"Uranie International\" \/>\n<meta property=\"article:published_time\" content=\"2023-10-12T10:15:38+00:00\" \/>\n<meta property=\"article:modified_time\" content=\"2023-10-12T12:38:43+00:00\" \/>\n<meta property=\"og:image\" content=\"https:\/\/www.uranie-inter.com\/wp-content\/uploads\/2023\/10\/Image1.png\" \/>\n\t<meta property=\"og:image:width\" content=\"425\" \/>\n\t<meta property=\"og:image:height\" content=\"223\" \/>\n\t<meta property=\"og:image:type\" content=\"image\/png\" \/>\n<meta name=\"author\" content=\"Marcello Bianchi\" \/>\n<meta name=\"twitter:card\" content=\"summary_large_image\" \/>\n<meta name=\"twitter:label1\" content=\"\u00c9crit par\" \/>\n\t<meta name=\"twitter:data1\" content=\"Marcello Bianchi\" \/>\n\t<meta name=\"twitter:label2\" content=\"Dur\u00e9e de lecture estim\u00e9e\" \/>\n\t<meta name=\"twitter:data2\" content=\"1 minute\" \/>\n<script type=\"application\/ld+json\" class=\"yoast-schema-graph\">{\"@context\":\"https:\\\/\\\/schema.org\",\"@graph\":[{\"@type\":\"Article\",\"@id\":\"https:\\\/\\\/www.uranie-inter.com\\\/fr\\\/vous-etes-invites-au-salon-agritechnika\\\/#article\",\"isPartOf\":{\"@id\":\"https:\\\/\\\/www.uranie-inter.com\\\/fr\\\/vous-etes-invites-au-salon-agritechnika\\\/\"},\"author\":{\"name\":\"Marcello Bianchi\",\"@id\":\"https:\\\/\\\/www.uranie-inter.com\\\/#\\\/schema\\\/person\\\/aa0bb850ed2b1814a222f029185ca91a\"},\"headline\":\"Vous \u00eates invit\u00e9s au salon Agritechnica !\",\"datePublished\":\"2023-10-12T10:15:38+00:00\",\"dateModified\":\"2023-10-12T12:38:43+00:00\",\"mainEntityOfPage\":{\"@id\":\"https:\\\/\\\/www.uranie-inter.com\\\/fr\\\/vous-etes-invites-au-salon-agritechnika\\\/\"},\"wordCount\":60,\"publisher\":{\"@id\":\"https:\\\/\\\/www.uranie-inter.com\\\/#organization\"},\"image\":{\"@id\":\"https:\\\/\\\/www.uranie-inter.com\\\/fr\\\/vous-etes-invites-au-salon-agritechnika\\\/#primaryimage\"},\"thumbnailUrl\":\"https:\\\/\\\/www.uranie-inter.com\\\/wp-content\\\/uploads\\\/2023\\\/10\\\/Image1.png\",\"articleSection\":[\"international\",\"Salon\"],\"inLanguage\":\"fr-FR\"},{\"@type\":\"WebPage\",\"@id\":\"https:\\\/\\\/www.uranie-inter.com\\\/fr\\\/vous-etes-invites-au-salon-agritechnika\\\/\",\"url\":\"https:\\\/\\\/www.uranie-inter.com\\\/fr\\\/vous-etes-invites-au-salon-agritechnika\\\/\",\"name\":\"Vous \u00eates invit\u00e9s au salon Agritechnica ! - Uranie International\",\"isPartOf\":{\"@id\":\"https:\\\/\\\/www.uranie-inter.com\\\/#website\"},\"primaryImageOfPage\":{\"@id\":\"https:\\\/\\\/www.uranie-inter.com\\\/fr\\\/vous-etes-invites-au-salon-agritechnika\\\/#primaryimage\"},\"image\":{\"@id\":\"https:\\\/\\\/www.uranie-inter.com\\\/fr\\\/vous-etes-invites-au-salon-agritechnika\\\/#primaryimage\"},\"thumbnailUrl\":\"https:\\\/\\\/www.uranie-inter.com\\\/wp-content\\\/uploads\\\/2023\\\/10\\\/Image1.png\",\"datePublished\":\"2023-10-12T10:15:38+00:00\",\"dateModified\":\"2023-10-12T12:38:43+00:00\",\"description\":\"salon agriculture 2023 agritechnika\",\"breadcrumb\":{\"@id\":\"https:\\\/\\\/www.uranie-inter.com\\\/fr\\\/vous-etes-invites-au-salon-agritechnika\\\/#breadcrumb\"},\"inLanguage\":\"fr-FR\",\"potentialAction\":[{\"@type\":\"ReadAction\",\"target\":[\"https:\\\/\\\/www.uranie-inter.com\\\/fr\\\/vous-etes-invites-au-salon-agritechnika\\\/\"]}]},{\"@type\":\"ImageObject\",\"inLanguage\":\"fr-FR\",\"@id\":\"https:\\\/\\\/www.uranie-inter.com\\\/fr\\\/vous-etes-invites-au-salon-agritechnika\\\/#primaryimage\",\"url\":\"https:\\\/\\\/www.uranie-inter.com\\\/wp-content\\\/uploads\\\/2023\\\/10\\\/Image1.png\",\"contentUrl\":\"https:\\\/\\\/www.uranie-inter.com\\\/wp-content\\\/uploads\\\/2023\\\/10\\\/Image1.png\",\"width\":425,\"height\":223},{\"@type\":\"BreadcrumbList\",\"@id\":\"https:\\\/\\\/www.uranie-inter.com\\\/fr\\\/vous-etes-invites-au-salon-agritechnika\\\/#breadcrumb\",\"itemListElement\":[{\"@type\":\"ListItem\",\"position\":1,\"name\":\"Accueil\",\"item\":\"https:\\\/\\\/www.uranie-inter.com\\\/fr\\\/\"},{\"@type\":\"ListItem\",\"position\":2,\"name\":\"Vous \u00eates invit\u00e9s au salon Agritechnica !\"}]},{\"@type\":\"WebSite\",\"@id\":\"https:\\\/\\\/www.uranie-inter.com\\\/#website\",\"url\":\"https:\\\/\\\/www.uranie-inter.com\\\/\",\"name\":\"Uranie International\",\"description\":\"Uranie International | tube chrom\u00e9 et tube al\u00e9s\u00e9 galet\u00e9\",\"publisher\":{\"@id\":\"https:\\\/\\\/www.uranie-inter.com\\\/#organization\"},\"potentialAction\":[{\"@type\":\"SearchAction\",\"target\":{\"@type\":\"EntryPoint\",\"urlTemplate\":\"https:\\\/\\\/www.uranie-inter.com\\\/?s={search_term_string}\"},\"query-input\":{\"@type\":\"PropertyValueSpecification\",\"valueRequired\":true,\"valueName\":\"search_term_string\"}}],\"inLanguage\":\"fr-FR\"},{\"@type\":\"Organization\",\"@id\":\"https:\\\/\\\/www.uranie-inter.com\\\/#organization\",\"name\":\"URANIE International\",\"url\":\"https:\\\/\\\/www.uranie-inter.com\\\/\",\"logo\":{\"@type\":\"ImageObject\",\"inLanguage\":\"fr-FR\",\"@id\":\"https:\\\/\\\/www.uranie-inter.com\\\/#\\\/schema\\\/logo\\\/image\\\/\",\"url\":\"https:\\\/\\\/www.uranie-inter.com\\\/wp-content\\\/uploads\\\/2018\\\/02\\\/logo-uranie-international.jpg\",\"contentUrl\":\"https:\\\/\\\/www.uranie-inter.com\\\/wp-content\\\/uploads\\\/2018\\\/02\\\/logo-uranie-international.jpg\",\"width\":1022,\"height\":343,\"caption\":\"URANIE International\"},\"image\":{\"@id\":\"https:\\\/\\\/www.uranie-inter.com\\\/#\\\/schema\\\/logo\\\/image\\\/\"},\"sameAs\":[\"https:\\\/\\\/fr.linkedin.com\\\/company\\\/uranie-international\",\"https:\\\/\\\/www.youtube.com\\\/channel\\\/UCsL_qJmfLWBBMwiAIMM5XiQ\"]},{\"@type\":\"Person\",\"@id\":\"https:\\\/\\\/www.uranie-inter.com\\\/#\\\/schema\\\/person\\\/aa0bb850ed2b1814a222f029185ca91a\",\"name\":\"Marcello Bianchi\"}]}<\/script>\n<!-- \/ Yoast SEO plugin. -->","yoast_head_json":{"title":"Vous \u00eates invit\u00e9s au salon Agritechnica ! - Uranie International","description":"salon agriculture 2023 agritechnika","robots":{"index":"index","follow":"follow","max-snippet":"max-snippet:-1","max-image-preview":"max-image-preview:large","max-video-preview":"max-video-preview:-1"},"canonical":"https:\/\/www.uranie-inter.com\/fr\/vous-etes-invites-au-salon-agritechnika\/","og_locale":"fr_FR","og_type":"article","og_title":"Vous \u00eates invit\u00e9s au salon Agritechnica ! - Uranie International","og_description":"salon agriculture 2023 agritechnika","og_url":"https:\/\/www.uranie-inter.com\/fr\/vous-etes-invites-au-salon-agritechnika\/","og_site_name":"Uranie International","article_published_time":"2023-10-12T10:15:38+00:00","article_modified_time":"2023-10-12T12:38:43+00:00","og_image":[{"width":425,"height":223,"url":"https:\/\/www.uranie-inter.com\/wp-content\/uploads\/2023\/10\/Image1.png","type":"image\/png"}],"author":"Marcello Bianchi","twitter_card":"summary_large_image","twitter_misc":{"\u00c9crit par":"Marcello Bianchi","Dur\u00e9e de lecture estim\u00e9e":"1 minute"},"schema":{"@context":"https:\/\/schema.org","@graph":[{"@type":"Article","@id":"https:\/\/www.uranie-inter.com\/fr\/vous-etes-invites-au-salon-agritechnika\/#article","isPartOf":{"@id":"https:\/\/www.uranie-inter.com\/fr\/vous-etes-invites-au-salon-agritechnika\/"},"author":{"name":"Marcello Bianchi","@id":"https:\/\/www.uranie-inter.com\/#\/schema\/person\/aa0bb850ed2b1814a222f029185ca91a"},"headline":"Vous \u00eates invit\u00e9s au salon Agritechnica !","datePublished":"2023-10-12T10:15:38+00:00","dateModified":"2023-10-12T12:38:43+00:00","mainEntityOfPage":{"@id":"https:\/\/www.uranie-inter.com\/fr\/vous-etes-invites-au-salon-agritechnika\/"},"wordCount":60,"publisher":{"@id":"https:\/\/www.uranie-inter.com\/#organization"},"image":{"@id":"https:\/\/www.uranie-inter.com\/fr\/vous-etes-invites-au-salon-agritechnika\/#primaryimage"},"thumbnailUrl":"https:\/\/www.uranie-inter.com\/wp-content\/uploads\/2023\/10\/Image1.png","articleSection":["international","Salon"],"inLanguage":"fr-FR"},{"@type":"WebPage","@id":"https:\/\/www.uranie-inter.com\/fr\/vous-etes-invites-au-salon-agritechnika\/","url":"https:\/\/www.uranie-inter.com\/fr\/vous-etes-invites-au-salon-agritechnika\/","name":"Vous \u00eates invit\u00e9s au salon Agritechnica ! - Uranie International","isPartOf":{"@id":"https:\/\/www.uranie-inter.com\/#website"},"primaryImageOfPage":{"@id":"https:\/\/www.uranie-inter.com\/fr\/vous-etes-invites-au-salon-agritechnika\/#primaryimage"},"image":{"@id":"https:\/\/www.uranie-inter.com\/fr\/vous-etes-invites-au-salon-agritechnika\/#primaryimage"},"thumbnailUrl":"https:\/\/www.uranie-inter.com\/wp-content\/uploads\/2023\/10\/Image1.png","datePublished":"2023-10-12T10:15:38+00:00","dateModified":"2023-10-12T12:38:43+00:00","description":"salon agriculture 2023 agritechnika","breadcrumb":{"@id":"https:\/\/www.uranie-inter.com\/fr\/vous-etes-invites-au-salon-agritechnika\/#breadcrumb"},"inLanguage":"fr-FR","potentialAction":[{"@type":"ReadAction","target":["https:\/\/www.uranie-inter.com\/fr\/vous-etes-invites-au-salon-agritechnika\/"]}]},{"@type":"ImageObject","inLanguage":"fr-FR","@id":"https:\/\/www.uranie-inter.com\/fr\/vous-etes-invites-au-salon-agritechnika\/#primaryimage","url":"https:\/\/www.uranie-inter.com\/wp-content\/uploads\/2023\/10\/Image1.png","contentUrl":"https:\/\/www.uranie-inter.com\/wp-content\/uploads\/2023\/10\/Image1.png","width":425,"height":223},{"@type":"BreadcrumbList","@id":"https:\/\/www.uranie-inter.com\/fr\/vous-etes-invites-au-salon-agritechnika\/#breadcrumb","itemListElement":[{"@type":"ListItem","position":1,"name":"Accueil","item":"https:\/\/www.uranie-inter.com\/fr\/"},{"@type":"ListItem","position":2,"name":"Vous \u00eates invit\u00e9s au salon Agritechnica !"}]},{"@type":"WebSite","@id":"https:\/\/www.uranie-inter.com\/#website","url":"https:\/\/www.uranie-inter.com\/","name":"Uranie International","description":"Uranie International | tube chrom\u00e9 et tube al\u00e9s\u00e9 galet\u00e9","publisher":{"@id":"https:\/\/www.uranie-inter.com\/#organization"},"potentialAction":[{"@type":"SearchAction","target":{"@type":"EntryPoint","urlTemplate":"https:\/\/www.uranie-inter.com\/?s={search_term_string}"},"query-input":{"@type":"PropertyValueSpecification","valueRequired":true,"valueName":"search_term_string"}}],"inLanguage":"fr-FR"},{"@type":"Organization","@id":"https:\/\/www.uranie-inter.com\/#organization","name":"URANIE International","url":"https:\/\/www.uranie-inter.com\/","logo":{"@type":"ImageObject","inLanguage":"fr-FR","@id":"https:\/\/www.uranie-inter.com\/#\/schema\/logo\/image\/","url":"https:\/\/www.uranie-inter.com\/wp-content\/uploads\/2018\/02\/logo-uranie-international.jpg","contentUrl":"https:\/\/www.uranie-inter.com\/wp-content\/uploads\/2018\/02\/logo-uranie-international.jpg","width":1022,"height":343,"caption":"URANIE International"},"image":{"@id":"https:\/\/www.uranie-inter.com\/#\/schema\/logo\/image\/"},"sameAs":["https:\/\/fr.linkedin.com\/company\/uranie-international","https:\/\/www.youtube.com\/channel\/UCsL_qJmfLWBBMwiAIMM5XiQ"]},{"@type":"Person","@id":"https:\/\/www.uranie-inter.com\/#\/schema\/person\/aa0bb850ed2b1814a222f029185ca91a","name":"Marcello Bianchi"}]}},"_links":{"self":[{"href":"https:\/\/www.uranie-inter.com\/fr\/wp-json\/wp\/v2\/posts\/2678","targetHints":{"allow":["GET"]}}],"collection":[{"href":"https:\/\/www.uranie-inter.com\/fr\/wp-json\/wp\/v2\/posts"}],"about":[{"href":"https:\/\/www.uranie-inter.com\/fr\/wp-json\/wp\/v2\/types\/post"}],"author":[{"embeddable":true,"href":"https:\/\/www.uranie-inter.com\/fr\/wp-json\/wp\/v2\/users\/6"}],"replies":[{"embeddable":true,"href":"https:\/\/www.uranie-inter.com\/fr\/wp-json\/wp\/v2\/comments?post=2678"}],"version-history":[{"count":2,"href":"https:\/\/www.uranie-inter.com\/fr\/wp-json\/wp\/v2\/posts\/2678\/revisions"}],"predecessor-version":[{"id":2680,"href":"https:\/\/www.uranie-inter.com\/fr\/wp-json\/wp\/v2\/posts\/2678\/revisions\/2680"}],"wp:featuredmedia":[{"embeddable":true,"href":"https:\/\/www.uranie-inter.com\/fr\/wp-json\/wp\/v2\/media\/2674"}],"wp:attachment":[{"href":"https:\/\/www.uranie-inter.com\/fr\/wp-json\/wp\/v2\/media?parent=2678"}],"wp:term":[{"taxonomy":"category","embeddable":true,"href":"https:\/\/www.uranie-inter.com\/fr\/wp-json\/wp\/v2\/categories?post=2678"},{"taxonomy":"post_tag","embeddable":true,"href":"https:\/\/www.uranie-inter.com\/fr\/wp-json\/wp\/v2\/tags?post=2678"}],"curies":[{"name":"wp","href":"https:\/\/api.w.org\/{rel}","templated":true}]}}